{"id":151,"date":"2019-11-12T12:49:16","date_gmt":"2019-11-12T12:49:16","guid":{"rendered":"https:\/\/math-brownies.de\/?p=151"},"modified":"2021-02-17T15:35:11","modified_gmt":"2021-02-17T15:35:11","slug":"moodle-sprechstunden-planen","status":"publish","type":"post","link":"https:\/\/math-brownies.de\/index.php\/2019\/11\/12\/moodle-sprechstunden-planen\/","title":{"rendered":"Moodle: Sprechstunden planen"},"content":{"rendered":"<p>Ich habe das Plugin &#8222;Planer&#8220; in unserem Moodle neu installiert &#8211; das kannte ich schon, hatte bisher aber wenig Anwendung daf\u00fcr. Mit meiner neuen Klasse macht es Sinn.<\/p>\n<p>Hier eine Anleitung zur Nutzung.<\/p>\n<p>Man legt eine neue Aktivit\u00e4t &#8222;Planer&#8220; an und vergibt einen Namen. Ich empfehle, zu pr\u00fcfen, ob die Einstellung &#8222;Bewertung: kein&#8220; eingestellt ist, ansonsten kann man die Termine hinterher bewerten. (Macht vielleicht Sinn bei m\u00fcndlichen Pr\u00fcfungen.) Unter &#8222;Optionen&#8220; kann man &#8222;Buchung in Gruppen&#8220; aktivieren. Die SuS k\u00f6nnen dann sp\u00e4ter ausw\u00e4hlen, f\u00fcr welche Gruppe sie einen Termin vereinbaren m\u00f6chten. Das kann man nach Gruppierung einschr\u00e4nken oder f\u00fcr alle Gruppen aktivieren.<\/p>\n<p>Die Moodleaktivit\u00e4t selber nochmal auf getrennte oder sichtbare Gruppen einzuschr\u00e4nken macht nur Sinn, wenn man im selben Moodlekurs getrennte Klassen hat &#8211; wenn man n\u00e4mlich nicht in der Gruppe mit den SuS ist, k\u00f6nnen die sonst keinen Termin bei einem buchen.<\/p>\n<p>Nach den Einstellungen klickt man auf &#8222;speichern und anzeigen&#8220;. In der \u00dcbersicht kann jetzt jede*r Tariner*in Termine eintragen, die danach gebucht werden k\u00f6nnen. Hat ein Termin stattgefunden, kann man ihn abhaken. Zu den Terminen kann man Bemerkungen machen (auch nur f\u00fcr den Trainer, diese werden bei unserer Instanz aber mit exportiert, wenn jemand alle Daten \u00fcber sich beim Datenschutzbeauftragten anfordert.). Wiederkehrende Termine kann man nutzen, um l\u00e4ngere Zeitfenster in kleine Einheiten unterteilen zu lassen &#8211; LEG-Planung, wir kommen. \ud83d\ude09<\/p>\n","protected":false},"excerpt":{"rendered":"<p>Ich habe das Plugin &#8222;Planer&#8220; in unserem Moodle neu installiert &#8211; das kannte ich schon, hatte bisher aber wenig Anwendung daf\u00fcr. Mit meiner neuen Klasse macht es Sinn. Hier eine Anleitung zur Nutzung. Man legt eine neue Aktivit\u00e4t &#8222;Planer&#8220; an und vergibt einen Namen. Ich empfehle, zu pr\u00fcfen, ob die Einstellung &#8222;Bewertung: kein&#8220; eingestellt ist, [&hellip;]<\/p>\n","protected":false},"author":2,"featured_media":0,"comment_status":"closed","ping_status":"closed","sticky":false,"template":"","format":"standard","meta":{"site-sidebar-layout":"default","site-content-layout":"default","ast-site-content-layout":"","site-content-style":"default","site-sidebar-style":"default","ast-global-header-display":"","ast-banner-title-visibility":"","ast-main-header-display":"","ast-hfb-above-header-display":"","ast-hfb-below-header-display":"","ast-hfb-mobile-header-display":"","site-post-title":"","ast-breadcrumbs-content":"","ast-featured-img":"","footer-sml-layout":"","theme-transparent-header-meta":"default","adv-header-id-meta":"","stick-header-meta":"","header-above-stick-meta":"","header-main-stick-meta":"","header-below-stick-meta":"","astra-migrate-meta-layouts":"default","ast-page-background-enabled":"default","ast-page-background-meta":{"desktop":{"background-color":"","background-image":"","background-repeat":"repeat","background-position":"center center","background-size":"auto","background-attachment":"scroll","background-type":"","background-media":"","overlay-type":"","overlay-color":"","overlay-opacity":"","overlay-gradient":""},"tablet":{"background-color":"","background-image":"","background-repeat":"repeat","background-position":"center center","background-size":"auto","background-attachment":"scroll","background-type":"","background-media":"","overlay-type":"","overlay-color":"","overlay-opacity":"","overlay-gradient":""},"mobile":{"background-color":"","background-image":"","background-repeat":"repeat","background-position":"center center","background-size":"auto","background-attachment":"scroll","background-type":"","background-media":"","overlay-type":"","overlay-color":"","overlay-opacity":"","overlay-gradient":""}},"ast-content-background-meta":{"desktop":{"background-color":"var(--ast-global-color-5)","background-image":"","background-repeat":"repeat","background-position":"center center","background-size":"auto","background-attachment":"scroll","background-type":"","background-media":"","overlay-type":"","overlay-color":"","overlay-opacity":"","overlay-gradient":""},"tablet":{"background-color":"var(--ast-global-color-5)","background-image":"","background-repeat":"repeat","background-position":"center center","background-size":"auto","background-attachment":"scroll","background-type":"","background-media":"","overlay-type":"","overlay-color":"","overlay-opacity":"","overlay-gradient":""},"mobile":{"background-color":"var(--ast-global-color-5)","background-image":"","background-repeat":"repeat","background-position":"center center","background-size":"auto","background-attachment":"scroll","background-type":"","background-media":"","overlay-type":"","overlay-color":"","overlay-opacity":"","overlay-gradient":""}},"footnotes":""},"categories":[7],"tags":[53,52,13,51,50],"class_list":["post-151","post","type-post","status-publish","format-standard","hentry","category-moodle","tag-individuelle-betreuung","tag-klassenleitung","tag-moodle","tag-organisation","tag-terminplaner"],"_links":{"self":[{"href":"https:\/\/math-brownies.de\/index.php\/wp-json\/wp\/v2\/posts\/151","targetHints":{"allow":["GET"]}}],"collection":[{"href":"https:\/\/math-brownies.de\/index.php\/wp-json\/wp\/v2\/posts"}],"about":[{"href":"https:\/\/math-brownies.de\/index.php\/wp-json\/wp\/v2\/types\/post"}],"author":[{"embeddable":true,"href":"https:\/\/math-brownies.de\/index.php\/wp-json\/wp\/v2\/users\/2"}],"replies":[{"embeddable":true,"href":"https:\/\/math-brownies.de\/index.php\/wp-json\/wp\/v2\/comments?post=151"}],"version-history":[{"count":1,"href":"https:\/\/math-brownies.de\/index.php\/wp-json\/wp\/v2\/posts\/151\/revisions"}],"predecessor-version":[{"id":152,"href":"https:\/\/math-brownies.de\/index.php\/wp-json\/wp\/v2\/posts\/151\/revisions\/152"}],"wp:attachment":[{"href":"https:\/\/math-brownies.de\/index.php\/wp-json\/wp\/v2\/media?parent=151"}],"wp:term":[{"taxonomy":"category","embeddable":true,"href":"https:\/\/math-brownies.de\/index.php\/wp-json\/wp\/v2\/categories?post=151"},{"taxonomy":"post_tag","embeddable":true,"href":"https:\/\/math-brownies.de\/index.php\/wp-json\/wp\/v2\/tags?post=151"}],"curies":[{"name":"wp","href":"https:\/\/api.w.org\/{rel}","templated":true}]}}